{"id":29237,"date":"2026-04-17T17:23:38","date_gmt":"2026-04-17T15:23:38","guid":{"rendered":"https:\/\/www.stebatec.com\/?p=29237"},"modified":"2026-04-17T17:27:34","modified_gmt":"2026-04-17T15:27:34","slug":"stebatec-fait-de-son-fondateur-hanspeter-gafner-son-president-dhonneur","status":"publish","type":"post","link":"https:\/\/www.stebatec.com\/fr\/nouvelles\/stebatec-fait-de-son-fondateur-hanspeter-gafner-son-president-dhonneur\/","title":{"rendered":"STEBATEC fait de son fondateur Hanspeter Gafner son pr\u00e9sident d&rsquo;honneur"},"content":{"rendered":"\t\t<div data-elementor-type=\"wp-post\" data-elementor-id=\"29237\" class=\"elementor elementor-29237 elementor-29225\" data-elementor-post-type=\"post\">\n\t\t\t\t<div class=\"elementor-element elementor-element-7ccb49d e-con-full e-ecs-flex e-flex e-con e-parent\" data-id=\"7ccb49d\" data-element_type=\"container\" data-e-type=\"container\" data-settings=\"{&quot;ecs_container_type&quot;:&quot;flex&quot;}\">\n\t\t\t\t<div class=\"elementor-element elementor-element-bc392b6 dce_masking-none elementor-widget elementor-widget-image\" data-id=\"bc392b6\" data-element_type=\"widget\" data-e-type=\"widget\" data-widget_type=\"image.default\">\n\t\t\t\t<div class=\"elementor-widget-container\">\n\t\t\t\t\t\t\t\t\t\t\t\t\t\t\t<img fetchpriority=\"high\" decoding=\"async\" width=\"1200\" height=\"674\" src=\"https:\/\/www.stebatec.com\/wp-content\/uploads\/2026\/04\/Verwaltungsrat-STEBATEC-2026_web.jpg\" class=\"attachment-1536x1536 size-1536x1536 wp-image-29212\" alt=\"\" srcset=\"https:\/\/www.stebatec.com\/wp-content\/uploads\/2026\/04\/Verwaltungsrat-STEBATEC-2026_web.jpg 1200w, https:\/\/www.stebatec.com\/wp-content\/uploads\/2026\/04\/Verwaltungsrat-STEBATEC-2026_web-300x169.jpg 300w, https:\/\/www.stebatec.com\/wp-content\/uploads\/2026\/04\/Verwaltungsrat-STEBATEC-2026_web-1024x575.jpg 1024w, https:\/\/www.stebatec.com\/wp-content\/uploads\/2026\/04\/Verwaltungsrat-STEBATEC-2026_web-768x431.jpg 768w\" sizes=\"(max-width: 1200px) 100vw, 1200px\" \/>\t\t\t\t\t\t\t\t\t\t\t\t\t\t\t<\/div>\n\t\t\t\t<\/div>\n\t\t\t\t<\/div>\n\t\t<div class=\"elementor-element elementor-element-0bb72cb e-ecs-flex e-flex e-con-boxed e-con e-parent\" data-id=\"0bb72cb\" data-element_type=\"container\" data-e-type=\"container\" data-settings=\"{&quot;ecs_container_type&quot;:&quot;flex&quot;}\">\n\t\t\t\t\t<div class=\"e-con-inner\">\n\t\t\t\t<div class=\"elementor-element elementor-element-06f0347 dce_masking-none elementor-widget elementor-widget-image\" data-id=\"06f0347\" data-element_type=\"widget\" data-e-type=\"widget\" data-widget_type=\"image.default\">\n\t\t\t\t<div class=\"elementor-widget-container\">\n\t\t\t\t\t\t\t\t\t\t\t\t\t\t\t<img decoding=\"async\" width=\"215\" height=\"300\" src=\"https:\/\/www.stebatec.com\/wp-content\/uploads\/2026\/04\/Ehrenpraesident-Hanspeter-Gafner-215x300.jpg\" class=\"attachment-medium size-medium wp-image-29198\" alt=\"\" srcset=\"https:\/\/www.stebatec.com\/wp-content\/uploads\/2026\/04\/Ehrenpraesident-Hanspeter-Gafner-215x300.jpg 215w, https:\/\/www.stebatec.com\/wp-content\/uploads\/2026\/04\/Ehrenpraesident-Hanspeter-Gafner-732x1024.jpg 732w, https:\/\/www.stebatec.com\/wp-content\/uploads\/2026\/04\/Ehrenpraesident-Hanspeter-Gafner-768x1074.jpg 768w, https:\/\/www.stebatec.com\/wp-content\/uploads\/2026\/04\/Ehrenpraesident-Hanspeter-Gafner-1098x1536.jpg 1098w, https:\/\/www.stebatec.com\/wp-content\/uploads\/2026\/04\/Ehrenpraesident-Hanspeter-Gafner.jpg 1200w\" sizes=\"(max-width: 215px) 100vw, 215px\" \/>\t\t\t\t\t\t\t\t\t\t\t\t\t\t\t<\/div>\n\t\t\t\t<\/div>\n\t\t<div class=\"elementor-element elementor-element-eabf459 e-con-full e-ecs-flex e-flex e-con e-child\" data-id=\"eabf459\" data-element_type=\"container\" data-e-type=\"container\" data-settings=\"{&quot;ecs_container_type&quot;:&quot;flex&quot;}\">\n\t\t\t\t<div class=\"elementor-element elementor-element-32ad321 elementor-widget elementor-widget-text-editor\" data-id=\"32ad321\" data-element_type=\"widget\" data-e-type=\"widget\" data-widget_type=\"text-editor.default\">\n\t\t\t\t<div class=\"elementor-widget-container\">\n\t\t\t\t\t\t\t\t\t<p>Le conseil d&rsquo;administration de STEBATEC, compos\u00e9 de 20 employ\u00e9s, a d\u00e9cern\u00e9 aujourd&rsquo;hui \u00e0 son fondateur, <strong>Hanspeter Gafner, \u00e0 l&rsquo;occasion de son 75e anniversaire, le titre de \u00ab pr\u00e9sident d&rsquo;honneur \u00bb du conseil d&rsquo;administration<\/strong>. En hommage \u00e0 ses grands m\u00e9rites, le pr\u00e9sident du conseil d&rsquo;administration, Kilian Hesse, a soulign\u00e9 dans son \u00e9loge l&rsquo;importance d\u00e9terminante de l&rsquo;action de Hanspeter Gafner pour la STEBATEC d&rsquo;aujourd&rsquo;hui.<\/p>\n<p><strong>Hanspeter Gafner<\/strong> est toujours consid\u00e9r\u00e9 comme <strong>l&rsquo;architecte du mod\u00e8le d&rsquo;affaires ainsi que comme l&rsquo;inventeur de nombreuses solutions et produits qui perdurent encore aujourd&rsquo;hui<\/strong>. C&rsquo;est d\u00e8s 2011 qu&rsquo;il avait c\u00e9d\u00e9 STEBATEC aux propri\u00e9taires actuels.<\/p>\n\t\t\t\t\t\t\t\t<\/div>\n\t\t\t\t<\/div>\n\t\t\t\t<\/div>\n\t\t\t\t\t<\/div>\n\t\t\t\t<\/div>\n\t\t\t\t<\/div>\n\t\t","protected":false},"excerpt":{"rendered":"<p>Le conseil d&rsquo;administration de STEBATEC, compos\u00e9 de 20 employ\u00e9s, a d\u00e9cern\u00e9 aujourd&rsquo;hui \u00e0 son fondateur, Hanspeter Gafner, \u00e0 l&rsquo;occasion de son 75e anniversaire, le titre de \u00ab pr\u00e9sident d&rsquo;honneur \u00bb du conseil d&rsquo;administration. En hommage \u00e0 ses grands m\u00e9rites, le pr\u00e9sident du conseil d&rsquo;administration, Kilian Hesse, a soulign\u00e9 dans son \u00e9loge l&rsquo;importance d\u00e9terminante de l&rsquo;action [&hellip;]<\/p>\n","protected":false},"author":16,"featured_media":29212,"comment_status":"closed","ping_status":"closed","sticky":false,"template":"","format":"standard","meta":{"_acf_changed":false,"footnotes":""},"categories":[241],"tags":[],"layoutart":[496,170,169,408],"standtort":[523,524,525],"class_list":["post-29237","post","type-post","status-publish","format-standard","has-post-thumbnail","hentry","category-non-classifiee","layoutart-beitrag-aktuelles","layoutart-beitrag-startseite-box","layoutart-beitrag-startseite-slider","layoutart-scheidegger","standtort-stebatec-bruegg","standtort-stebatec-trinkwasser-burgdorf","standtort-stebatec-zuellig-rheineck"],"acf":[],"_links":{"self":[{"href":"https:\/\/www.stebatec.com\/fr\/wp-json\/wp\/v2\/posts\/29237","targetHints":{"allow":["GET"]}}],"collection":[{"href":"https:\/\/www.stebatec.com\/fr\/wp-json\/wp\/v2\/posts"}],"about":[{"href":"https:\/\/www.stebatec.com\/fr\/wp-json\/wp\/v2\/types\/post"}],"author":[{"embeddable":true,"href":"https:\/\/www.stebatec.com\/fr\/wp-json\/wp\/v2\/users\/16"}],"replies":[{"embeddable":true,"href":"https:\/\/www.stebatec.com\/fr\/wp-json\/wp\/v2\/comments?post=29237"}],"version-history":[{"count":0,"href":"https:\/\/www.stebatec.com\/fr\/wp-json\/wp\/v2\/posts\/29237\/revisions"}],"wp:featuredmedia":[{"embeddable":true,"href":"https:\/\/www.stebatec.com\/fr\/wp-json\/wp\/v2\/media\/29212"}],"wp:attachment":[{"href":"https:\/\/www.stebatec.com\/fr\/wp-json\/wp\/v2\/media?parent=29237"}],"wp:term":[{"taxonomy":"category","embeddable":true,"href":"https:\/\/www.stebatec.com\/fr\/wp-json\/wp\/v2\/categories?post=29237"},{"taxonomy":"post_tag","embeddable":true,"href":"https:\/\/www.stebatec.com\/fr\/wp-json\/wp\/v2\/tags?post=29237"},{"taxonomy":"layoutart","embeddable":true,"href":"https:\/\/www.stebatec.com\/fr\/wp-json\/wp\/v2\/layoutart?post=29237"},{"taxonomy":"standtort","embeddable":true,"href":"https:\/\/www.stebatec.com\/fr\/wp-json\/wp\/v2\/standtort?post=29237"}],"curies":[{"name":"wp","href":"https:\/\/api.w.org\/{rel}","templated":true}]}}